{"id":6265,"date":"2023-12-18T11:30:08","date_gmt":"2023-12-18T11:30:08","guid":{"rendered":"http:\/\/creativelyyours.creative.travel\/?p=6265"},"modified":"2023-12-18T11:30:09","modified_gmt":"2023-12-18T11:30:09","slug":"lufthansas-erstflug-verbindet-hyderabad-und-frankfurt","status":"publish","type":"post","link":"http:\/\/creativelyyours.creative.travel\/de\/lufthansas-erstflug-verbindet-hyderabad-und-frankfurt\/","title":{"rendered":"Lufthansas Erstflug verbindet Hyderabad und Frankfurt"},"content":{"rendered":"\n<p>Der Flughafen GMR Hyderabad wird\nab dem 16. Januar 2024 einen Nonstop-Service von Lufthansa, einer prominenten\neurop\u00e4ischen Fluggesellschaft und Mitglied der Star Alliance, starten. Der\nErstflug von Frankfurt nach Hyderabad wird mit einem Gro\u00dfraumflugzeug Boeing\nB787-9 Dreamliner durchgef\u00fchrt, der den Passagieren ein reibungsloses und\nangenehmes Reiseerlebnis verspricht. Mit 26 Business-Class-Sitzen, 21\nPremium-Economy-Sitzen und 247 Economy-Class-Sitzen wird der achteinhalbst\u00fcndige\nFlug dreimal pro Woche zwischen Hyderabad und Frankfurt verkehren. Diese\nInitiative verbessert die Konnektivit\u00e4t und er\u00f6ffnet aufregende M\u00f6glichkeiten\nf\u00fcr Reisende, die die malerischen Landschaften, historischen St\u00e4tten und\nlebendigen St\u00e4dte Europas erkunden m\u00f6chten.<\/p>\n","protected":false},"excerpt":{"rendered":"<p>Der Flughafen GMR Hyderabad wird ab dem 16. Januar 2024 einen Nonstop-Service von Lufthansa, einer prominenten europ\u00e4ischen Fluggesellschaft und Mitglied<\/p>\n","protected":false},"author":1,"featured_media":6079,"comment_status":"open","ping_status":"open","sticky":false,"template":"","format":"standard","meta":{"footnotes":""},"categories":[127],"tags":[],"_links":{"self":[{"href":"http:\/\/creativelyyours.creative.travel\/de\/wp-json\/wp\/v2\/posts\/6265"}],"collection":[{"href":"http:\/\/creativelyyours.creative.travel\/de\/wp-json\/wp\/v2\/posts"}],"about":[{"href":"http:\/\/creativelyyours.creative.travel\/de\/wp-json\/wp\/v2\/types\/post"}],"author":[{"embeddable":true,"href":"http:\/\/creativelyyours.creative.travel\/de\/wp-json\/wp\/v2\/users\/1"}],"replies":[{"embeddable":true,"href":"http:\/\/creativelyyours.creative.travel\/de\/wp-json\/wp\/v2\/comments?post=6265"}],"version-history":[{"count":1,"href":"http:\/\/creativelyyours.creative.travel\/de\/wp-json\/wp\/v2\/posts\/6265\/revisions"}],"predecessor-version":[{"id":6266,"href":"http:\/\/creativelyyours.creative.travel\/de\/wp-json\/wp\/v2\/posts\/6265\/revisions\/6266"}],"wp:featuredmedia":[{"embeddable":true,"href":"http:\/\/creativelyyours.creative.travel\/de\/wp-json\/wp\/v2\/media\/6079"}],"wp:attachment":[{"href":"http:\/\/creativelyyours.creative.travel\/de\/wp-json\/wp\/v2\/media?parent=6265"}],"wp:term":[{"taxonomy":"category","embeddable":true,"href":"http:\/\/creativelyyours.creative.travel\/de\/wp-json\/wp\/v2\/categories?post=6265"},{"taxonomy":"post_tag","embeddable":true,"href":"http:\/\/creativelyyours.creative.travel\/de\/wp-json\/wp\/v2\/tags?post=6265"}],"curies":[{"name":"wp","href":"https:\/\/api.w.org\/{rel}","templated":true}]}}