{"id":4391,"date":"2019-11-29T06:40:00","date_gmt":"2019-11-29T06:40:00","guid":{"rendered":"http:\/\/creativelyyours.creative.travel\/?p=4391"},"modified":"2019-11-29T06:40:03","modified_gmt":"2019-11-29T06:40:03","slug":"festival-de-bishnupur","status":"publish","type":"post","link":"http:\/\/creativelyyours.creative.travel\/pt-pt\/festival-de-bishnupur\/","title":{"rendered":"Festival de Bishnupur"},"content":{"rendered":"\n<p>Este festival est\u00e1 localizado em\nBishnupur da Bengala Ocidental. Este festival \u00e9 celebrado por talentos de\nartes\u00e3os locais. Os moradores locais apresentam suas obras de arte e artesanato\nem uma grande feira realizada pelo governo. Moradores e turistas visitam esta\nfeira para comprar artigos exclusivos e incentivar a ind\u00fastria artesanal.<\/p>\n\n\n\n<p><strong>Local\nde Celebra\u00e7\u00e3o<\/strong>: Bishnupur<\/p>\n\n\n\n<p><strong>Data<\/strong>:&nbsp;<strong>27 a 31 de dezembro de 2019<\/strong><\/p>\n\n\n\n<p><strong>Atra\u00e7\u00f5es\ne atividades exclusivas para desfrutar durante o festival:<\/strong><\/p>\n\n\n\n<ol><li>Compras na grande feira<\/li><li>Dan\u00e7a folcl\u00f3rica e apresenta\u00e7\u00f5es musicais<\/li><li>Os principais itens a serem comprados na\n     feira s\u00e3o teares manuais, esculturas em terracota, sarees de seda, tecidos\n     estampados e muito mais.<\/li><\/ol>\n","protected":false},"excerpt":{"rendered":"<p>Este festival est\u00e1 localizado em Bishnupur da Bengala Ocidental. Este festival \u00e9 celebrado por talentos de artes\u00e3os locais. Os moradores<\/p>\n","protected":false},"author":1,"featured_media":4340,"comment_status":"open","ping_status":"open","sticky":false,"template":"","format":"standard","meta":{"footnotes":""},"categories":[65],"tags":[],"_links":{"self":[{"href":"http:\/\/creativelyyours.creative.travel\/pt-pt\/wp-json\/wp\/v2\/posts\/4391"}],"collection":[{"href":"http:\/\/creativelyyours.creative.travel\/pt-pt\/wp-json\/wp\/v2\/posts"}],"about":[{"href":"http:\/\/creativelyyours.creative.travel\/pt-pt\/wp-json\/wp\/v2\/types\/post"}],"author":[{"embeddable":true,"href":"http:\/\/creativelyyours.creative.travel\/pt-pt\/wp-json\/wp\/v2\/users\/1"}],"replies":[{"embeddable":true,"href":"http:\/\/creativelyyours.creative.travel\/pt-pt\/wp-json\/wp\/v2\/comments?post=4391"}],"version-history":[{"count":1,"href":"http:\/\/creativelyyours.creative.travel\/pt-pt\/wp-json\/wp\/v2\/posts\/4391\/revisions"}],"predecessor-version":[{"id":4392,"href":"http:\/\/creativelyyours.creative.travel\/pt-pt\/wp-json\/wp\/v2\/posts\/4391\/revisions\/4392"}],"wp:featuredmedia":[{"embeddable":true,"href":"http:\/\/creativelyyours.creative.travel\/pt-pt\/wp-json\/wp\/v2\/media\/4340"}],"wp:attachment":[{"href":"http:\/\/creativelyyours.creative.travel\/pt-pt\/wp-json\/wp\/v2\/media?parent=4391"}],"wp:term":[{"taxonomy":"category","embeddable":true,"href":"http:\/\/creativelyyours.creative.travel\/pt-pt\/wp-json\/wp\/v2\/categories?post=4391"},{"taxonomy":"post_tag","embeddable":true,"href":"http:\/\/creativelyyours.creative.travel\/pt-pt\/wp-json\/wp\/v2\/tags?post=4391"}],"curies":[{"name":"wp","href":"https:\/\/api.w.org\/{rel}","templated":true}]}}