{"id":2398,"date":"2019-04-15T12:28:07","date_gmt":"2019-04-15T12:28:07","guid":{"rendered":"https:\/\/creativelyyours.creative.travel\/?p=2398"},"modified":"2019-04-15T12:28:07","modified_gmt":"2019-04-15T12:28:07","slug":"qutub-minar-deslumbrara-al-anochecer-con-luces-led","status":"publish","type":"post","link":"https:\/\/creativelyyours.creative.travel\/es\/qutub-minar-deslumbrara-al-anochecer-con-luces-led\/","title":{"rendered":"Qutub Minar deslumbrar\u00e1 al anochecer con luces led"},"content":{"rendered":"<p>Pronto, el Qutub Minar recibir\u00e1 una iluminaci\u00f3n especial, que dar\u00e1 vida a las tallas e inscripciones, e incluso las har\u00e1 visibles desde lejos.<\/p>\n<p>Altos funcionarios del Servicio Arqueol\u00f3gico de la India (ASI) dicen que la iluminaci\u00f3n se extender\u00e1 a otros monumentos del complejo de Qutub y que todo el trabajo se completar\u00e1 en tres meses. Para ello, el ASI ha colaborado con la empresa p\u00fablica NBCC como consultor de gesti\u00f3n de proyectos.<\/p>\n<p>Un funcionario dijo que se utilizar\u00e1n hasta 300 luces led para la iluminaci\u00f3n, de las cuales cerca de 200 ser\u00edan solo para iluminar el alminar de 73 metros.<\/p>\n","protected":false},"excerpt":{"rendered":"<p>Pronto, el Qutub Minar recibir\u00e1 una iluminaci\u00f3n especial, que dar\u00e1 vida a las tallas e inscripciones, e incluso las har\u00e1<\/p>\n","protected":false},"author":1,"featured_media":2279,"comment_status":"open","ping_status":"open","sticky":false,"template":"","format":"standard","meta":{"footnotes":""},"categories":[85],"tags":[],"_links":{"self":[{"href":"https:\/\/creativelyyours.creative.travel\/es\/wp-json\/wp\/v2\/posts\/2398"}],"collection":[{"href":"https:\/\/creativelyyours.creative.travel\/es\/wp-json\/wp\/v2\/posts"}],"about":[{"href":"https:\/\/creativelyyours.creative.travel\/es\/wp-json\/wp\/v2\/types\/post"}],"author":[{"embeddable":true,"href":"https:\/\/creativelyyours.creative.travel\/es\/wp-json\/wp\/v2\/users\/1"}],"replies":[{"embeddable":true,"href":"https:\/\/creativelyyours.creative.travel\/es\/wp-json\/wp\/v2\/comments?post=2398"}],"version-history":[{"count":1,"href":"https:\/\/creativelyyours.creative.travel\/es\/wp-json\/wp\/v2\/posts\/2398\/revisions"}],"predecessor-version":[{"id":2399,"href":"https:\/\/creativelyyours.creative.travel\/es\/wp-json\/wp\/v2\/posts\/2398\/revisions\/2399"}],"wp:featuredmedia":[{"embeddable":true,"href":"https:\/\/creativelyyours.creative.travel\/es\/wp-json\/wp\/v2\/media\/2279"}],"wp:attachment":[{"href":"https:\/\/creativelyyours.creative.travel\/es\/wp-json\/wp\/v2\/media?parent=2398"}],"wp:term":[{"taxonomy":"category","embeddable":true,"href":"https:\/\/creativelyyours.creative.travel\/es\/wp-json\/wp\/v2\/categories?post=2398"},{"taxonomy":"post_tag","embeddable":true,"href":"https:\/\/creativelyyours.creative.travel\/es\/wp-json\/wp\/v2\/tags?post=2398"}],"curies":[{"name":"wp","href":"https:\/\/api.w.org\/{rel}","templated":true}]}}