{"id":2930,"date":"2019-06-18T06:47:49","date_gmt":"2019-06-18T06:47:49","guid":{"rendered":"http:\/\/creativelyyours.creative.travel\/?p=2930"},"modified":"2019-06-18T06:47:49","modified_gmt":"2019-06-18T06:47:49","slug":"el-aumento-del-iva-hasta-el-7-en-el-turismo-de-sri-lanka-permite-la-deduccion-del-impuesto","status":"publish","type":"post","link":"https:\/\/creativelyyours.creative.travel\/es\/el-aumento-del-iva-hasta-el-7-en-el-turismo-de-sri-lanka-permite-la-deduccion-del-impuesto\/","title":{"rendered":"El aumento del IVA hasta el 7% en el turismo de Sri Lanka permite la deducci\u00f3n del impuesto"},"content":{"rendered":"<p>El Ministerio de Hacienda de Sri Lanka ha cambiado la ley del impuesto sobre el valor a\u00f1adido (IVA) para las industrias tur\u00edsticas, elevando el impuesto del 5% al 7% para que las empresas puedan solicitar su deducci\u00f3n a partir del 1 de junio de 2019.<\/p>\n<p>Un aviso en la gaceta del ministerio da efecto al cambio que resuelve una anomal\u00eda que surgi\u00f3 cuando el IVA se redujo del 15% al 5% en el marco de las medidas para revivir el turismo despu\u00e9s de que los atentados suicidas de abril mataran a m\u00e1s de 250 personas.<\/p>\n<p>\u00abComo consecuencia de esta revisi\u00f3n, los suministros sujetos a una tasa del 7% tendr\u00e1n derecho a reclamar el IVA soportado atribuible al suministro\u00bb, dijo a los clientes la firma de contadores Ernst &amp; Young.<\/p>\n<p>Anteriormente, la reducci\u00f3n del IVA repercutido supon\u00eda restricciones en virtud de la actual legislaci\u00f3n sobre el IVA en relaci\u00f3n con los derechos a deducciones en cuanto a suministros e importaciones, que hab\u00edan suscitado preocupaci\u00f3n en el sector tur\u00edstico.<\/p>\n","protected":false},"excerpt":{"rendered":"<p>El Ministerio de Hacienda de Sri Lanka ha cambiado la ley del impuesto sobre el valor a\u00f1adido (IVA) para las<\/p>\n","protected":false},"author":1,"featured_media":2827,"comment_status":"open","ping_status":"open","sticky":false,"template":"","format":"standard","meta":{"footnotes":""},"categories":[115],"tags":[],"_links":{"self":[{"href":"https:\/\/creativelyyours.creative.travel\/es\/wp-json\/wp\/v2\/posts\/2930"}],"collection":[{"href":"https:\/\/creativelyyours.creative.travel\/es\/wp-json\/wp\/v2\/posts"}],"about":[{"href":"https:\/\/creativelyyours.creative.travel\/es\/wp-json\/wp\/v2\/types\/post"}],"author":[{"embeddable":true,"href":"https:\/\/creativelyyours.creative.travel\/es\/wp-json\/wp\/v2\/users\/1"}],"replies":[{"embeddable":true,"href":"https:\/\/creativelyyours.creative.travel\/es\/wp-json\/wp\/v2\/comments?post=2930"}],"version-history":[{"count":1,"href":"https:\/\/creativelyyours.creative.travel\/es\/wp-json\/wp\/v2\/posts\/2930\/revisions"}],"predecessor-version":[{"id":2931,"href":"https:\/\/creativelyyours.creative.travel\/es\/wp-json\/wp\/v2\/posts\/2930\/revisions\/2931"}],"wp:featuredmedia":[{"embeddable":true,"href":"https:\/\/creativelyyours.creative.travel\/es\/wp-json\/wp\/v2\/media\/2827"}],"wp:attachment":[{"href":"https:\/\/creativelyyours.creative.travel\/es\/wp-json\/wp\/v2\/media?parent=2930"}],"wp:term":[{"taxonomy":"category","embeddable":true,"href":"https:\/\/creativelyyours.creative.travel\/es\/wp-json\/wp\/v2\/categories?post=2930"},{"taxonomy":"post_tag","embeddable":true,"href":"https:\/\/creativelyyours.creative.travel\/es\/wp-json\/wp\/v2\/tags?post=2930"}],"curies":[{"name":"wp","href":"https:\/\/api.w.org\/{rel}","templated":true}]}}