{"id":4414,"date":"2019-11-29T07:26:14","date_gmt":"2019-11-29T07:26:14","guid":{"rendered":"http:\/\/creativelyyours.creative.travel\/?p=4414"},"modified":"2019-11-29T07:26:17","modified_gmt":"2019-11-29T07:26:17","slug":"el-tren-golden-chariot-de-karnataka-reiniciara-sus-operaciones-a-partir-de-marzo-de-2020","status":"publish","type":"post","link":"https:\/\/creativelyyours.creative.travel\/es\/el-tren-golden-chariot-de-karnataka-reiniciara-sus-operaciones-a-partir-de-marzo-de-2020\/","title":{"rendered":"El tren Golden Chariot de Karnataka reiniciar\u00e1 sus operaciones a partir de marzo de 2020"},"content":{"rendered":"\n<p>Seg\u00fan los informes, la informaci\u00f3n fue anunciada despu\u00e9s de que State Tourism Development Corporation (KSTDC) de <a href=\"https:\/\/timesofindia.indiatimes.com\/topic\/karnataka\">Karnataka<\/a> firmara un memorando de entendimiento con el IRCTC para promover y operar el tren Golden Chariot.<br> Al dirigirse a una reuni\u00f3n, Suresh Angadi, ministro de Estado de Ferrocarriles, comparti\u00f3 que el tren de lujo fomentar\u00e1 el turismo en Karnataka y sus estados hermanos del sur.<br> El ministro tambi\u00e9n pidi\u00f3 al IRCTC y al KSTDC que programen las fechas de salida del tren Golden Chariot para que todos puedan planear un viaje en el tren.<\/p>\n","protected":false},"excerpt":{"rendered":"<p>Seg\u00fan los informes, la informaci\u00f3n fue anunciada despu\u00e9s de que State Tourism Development Corporation (KSTDC) de Karnataka firmara un memorando<\/p>\n","protected":false},"author":1,"featured_media":4271,"comment_status":"open","ping_status":"open","sticky":false,"template":"","format":"standard","meta":{"footnotes":""},"categories":[85],"tags":[],"_links":{"self":[{"href":"https:\/\/creativelyyours.creative.travel\/es\/wp-json\/wp\/v2\/posts\/4414"}],"collection":[{"href":"https:\/\/creativelyyours.creative.travel\/es\/wp-json\/wp\/v2\/posts"}],"about":[{"href":"https:\/\/creativelyyours.creative.travel\/es\/wp-json\/wp\/v2\/types\/post"}],"author":[{"embeddable":true,"href":"https:\/\/creativelyyours.creative.travel\/es\/wp-json\/wp\/v2\/users\/1"}],"replies":[{"embeddable":true,"href":"https:\/\/creativelyyours.creative.travel\/es\/wp-json\/wp\/v2\/comments?post=4414"}],"version-history":[{"count":1,"href":"https:\/\/creativelyyours.creative.travel\/es\/wp-json\/wp\/v2\/posts\/4414\/revisions"}],"predecessor-version":[{"id":4415,"href":"https:\/\/creativelyyours.creative.travel\/es\/wp-json\/wp\/v2\/posts\/4414\/revisions\/4415"}],"wp:featuredmedia":[{"embeddable":true,"href":"https:\/\/creativelyyours.creative.travel\/es\/wp-json\/wp\/v2\/media\/4271"}],"wp:attachment":[{"href":"https:\/\/creativelyyours.creative.travel\/es\/wp-json\/wp\/v2\/media?parent=4414"}],"wp:term":[{"taxonomy":"category","embeddable":true,"href":"https:\/\/creativelyyours.creative.travel\/es\/wp-json\/wp\/v2\/categories?post=4414"},{"taxonomy":"post_tag","embeddable":true,"href":"https:\/\/creativelyyours.creative.travel\/es\/wp-json\/wp\/v2\/tags?post=4414"}],"curies":[{"name":"wp","href":"https:\/\/api.w.org\/{rel}","templated":true}]}}