{"id":7110,"date":"2024-03-08T10:48:57","date_gmt":"2024-03-08T10:48:57","guid":{"rendered":"http:\/\/creativelyyours.creative.travel\/?p=7110"},"modified":"2024-03-08T10:48:58","modified_gmt":"2024-03-08T10:48:58","slug":"arkia-airlines-pour-ameliorer-la-connectivite-avec-des-vols-quotidiens-entre-tel-aviv-et-colombo","status":"publish","type":"post","link":"https:\/\/creativelyyours.creative.travel\/fr\/arkia-airlines-pour-ameliorer-la-connectivite-avec-des-vols-quotidiens-entre-tel-aviv-et-colombo\/","title":{"rendered":"Arkia Airlines pour am\u00e9liorer la connectivit\u00e9 avec des vols quotidiens entre Tel Aviv et Colombo"},"content":{"rendered":"\n<p>\n\n\n\n\n\n\n\n\n\n\n\n\n\n\n\n\nArkia\nAirlines a lanc\u00e9 des vols quotidiens de Tel Aviv \u00e0 Colombo, dans le but de\nrenforcer la connectivit\u00e9 des passagers et de favoriser le tourisme et les\nrelations bilat\u00e9rales entre Isra\u00ebl et le Sri Lanka. La compagnie a\u00e9rienne\nexploitera un Airbus A321 Neo d&rsquo;une capacit\u00e9 de 210 si\u00e8ges. Le vol inaugural a\n\u00e9t\u00e9 c\u00e9l\u00e9br\u00e9 lors d&rsquo;une r\u00e9ception organis\u00e9e par Mahen Kariyawasan, directeur\nr\u00e9gional d&rsquo;Arkia Airlines, en pr\u00e9sence de l&rsquo;honorable Miri Rage, ministre des\nTransports et de la S\u00e9curit\u00e9 routi\u00e8re de l&rsquo;\u00c9tat d&rsquo;Isra\u00ebl, et de Son Excellence\nNaor Gilon, ambassadeur de l&rsquo;\u00c9tat d&rsquo;Isra\u00ebl. Ce nouveau service devrait\nfaciliter les voyages entre les deux pays tout en favorisant les \u00e9changes\nculturels et \u00e9conomiques.\n\n\n\n<\/p>\n","protected":false},"excerpt":{"rendered":"<p>Arkia Airlines a lanc\u00e9 des vols quotidiens de Tel Aviv \u00e0 Colombo, dans le but de renforcer la connectivit\u00e9 des<\/p>\n","protected":false},"author":1,"featured_media":6903,"comment_status":"open","ping_status":"open","sticky":false,"template":"","format":"standard","meta":{"footnotes":""},"categories":[127],"tags":[],"_links":{"self":[{"href":"https:\/\/creativelyyours.creative.travel\/fr\/wp-json\/wp\/v2\/posts\/7110"}],"collection":[{"href":"https:\/\/creativelyyours.creative.travel\/fr\/wp-json\/wp\/v2\/posts"}],"about":[{"href":"https:\/\/creativelyyours.creative.travel\/fr\/wp-json\/wp\/v2\/types\/post"}],"author":[{"embeddable":true,"href":"https:\/\/creativelyyours.creative.travel\/fr\/wp-json\/wp\/v2\/users\/1"}],"replies":[{"embeddable":true,"href":"https:\/\/creativelyyours.creative.travel\/fr\/wp-json\/wp\/v2\/comments?post=7110"}],"version-history":[{"count":1,"href":"https:\/\/creativelyyours.creative.travel\/fr\/wp-json\/wp\/v2\/posts\/7110\/revisions"}],"predecessor-version":[{"id":7111,"href":"https:\/\/creativelyyours.creative.travel\/fr\/wp-json\/wp\/v2\/posts\/7110\/revisions\/7111"}],"wp:featuredmedia":[{"embeddable":true,"href":"https:\/\/creativelyyours.creative.travel\/fr\/wp-json\/wp\/v2\/media\/6903"}],"wp:attachment":[{"href":"https:\/\/creativelyyours.creative.travel\/fr\/wp-json\/wp\/v2\/media?parent=7110"}],"wp:term":[{"taxonomy":"category","embeddable":true,"href":"https:\/\/creativelyyours.creative.travel\/fr\/wp-json\/wp\/v2\/categories?post=7110"},{"taxonomy":"post_tag","embeddable":true,"href":"https:\/\/creativelyyours.creative.travel\/fr\/wp-json\/wp\/v2\/tags?post=7110"}],"curies":[{"name":"wp","href":"https:\/\/api.w.org\/{rel}","templated":true}]}}