{"id":1789,"date":"2020-01-15T09:01:49","date_gmt":"2020-01-15T09:01:49","guid":{"rendered":"https:\/\/creativelyyours.creative.travel\/?p=1789"},"modified":"2020-01-16T09:04:17","modified_gmt":"2020-01-16T09:04:17","slug":"artesanato-surajkund-mela","status":"publish","type":"post","link":"https:\/\/creativelyyours.creative.travel\/pt-pt\/artesanato-surajkund-mela\/","title":{"rendered":"Artesanato Surajkund Mela\u00a0"},"content":{"rendered":"<p>Um toque de cores, ritmo de batidas de tambor e a <em>joie de-vivre<\/em> (alegria de viver) se fundem em Surajkund durante a primeira quinzena de fevereiro. Este \u00e9 o aclamado anual Surajkund International Crafts Mela, uma celebra\u00e7\u00e3o das tradi\u00e7\u00f5es folcl\u00f3ricas indianas e do patrim\u00f3nio cultural. Mais de um milh\u00e3o de visitantes visitam a feira todos os anos para testemunhar o trabalho de artes\u00e3os e de criadores de toda a \u00cdndia e das na\u00e7\u00f5es da SAARC.<\/p>\n<p>Quando: 1 a 17 de fevereiro de<\/p>\n<p>Onde: Surajkund, Faridabad nos arredores de Deli<\/p>\n<p>O que tem de especial: todos os anos, a tarifa d\u00e1 a um estado indiano a oportunidade de ser o principal destaque do ano, o que significa que eles podem apresentar o visual e a atmosfera do local e mostrar sua cultura de uma maneira \u00fanica. Para 2019, \u00e9 o estado vibrante de Maharashtra.<\/p>\n","protected":false},"excerpt":{"rendered":"<p>Um toque de cores, ritmo de batidas de tambor e a joie de-vivre (alegria de viver) se fundem em Surajkund<\/p>\n","protected":false},"author":1,"featured_media":1591,"comment_status":"open","ping_status":"open","sticky":false,"template":"","format":"standard","meta":{"footnotes":""},"categories":[27],"tags":[],"_links":{"self":[{"href":"https:\/\/creativelyyours.creative.travel\/pt-pt\/wp-json\/wp\/v2\/posts\/1789"}],"collection":[{"href":"https:\/\/creativelyyours.creative.travel\/pt-pt\/wp-json\/wp\/v2\/posts"}],"about":[{"href":"https:\/\/creativelyyours.creative.travel\/pt-pt\/wp-json\/wp\/v2\/types\/post"}],"author":[{"embeddable":true,"href":"https:\/\/creativelyyours.creative.travel\/pt-pt\/wp-json\/wp\/v2\/users\/1"}],"replies":[{"embeddable":true,"href":"https:\/\/creativelyyours.creative.travel\/pt-pt\/wp-json\/wp\/v2\/comments?post=1789"}],"version-history":[{"count":2,"href":"https:\/\/creativelyyours.creative.travel\/pt-pt\/wp-json\/wp\/v2\/posts\/1789\/revisions"}],"predecessor-version":[{"id":4598,"href":"https:\/\/creativelyyours.creative.travel\/pt-pt\/wp-json\/wp\/v2\/posts\/1789\/revisions\/4598"}],"wp:featuredmedia":[{"embeddable":true,"href":"https:\/\/creativelyyours.creative.travel\/pt-pt\/wp-json\/wp\/v2\/media\/1591"}],"wp:attachment":[{"href":"https:\/\/creativelyyours.creative.travel\/pt-pt\/wp-json\/wp\/v2\/media?parent=1789"}],"wp:term":[{"taxonomy":"category","embeddable":true,"href":"https:\/\/creativelyyours.creative.travel\/pt-pt\/wp-json\/wp\/v2\/categories?post=1789"},{"taxonomy":"post_tag","embeddable":true,"href":"https:\/\/creativelyyours.creative.travel\/pt-pt\/wp-json\/wp\/v2\/tags?post=1789"}],"curies":[{"name":"wp","href":"https:\/\/api.w.org\/{rel}","templated":true}]}}