{"id":1802,"date":"2019-02-08T09:09:16","date_gmt":"2019-02-08T09:09:16","guid":{"rendered":"https:\/\/creativelyyours.creative.travel\/?p=1802"},"modified":"2019-02-08T09:09:16","modified_gmt":"2019-02-08T09:09:16","slug":"amantes-da-arte-lotam-a-bienal-kochi-muziris","status":"publish","type":"post","link":"https:\/\/creativelyyours.creative.travel\/pt-pt\/amantes-da-arte-lotam-a-bienal-kochi-muziris\/","title":{"rendered":"Amantes da arte lotam a Bienal Kochi-Muziris"},"content":{"rendered":"<p>Se voc\u00ea \u00e9 entusiasta das artes e da cultura, a Bienal Kochi-Muziris (12 de dezembro de 2018 a 29 de mar\u00e7o de 2019) \u00e9 o lugar certo.<\/p>\n<p>Esta exposi\u00e7\u00e3o internacional de arte contempor\u00e2nea fornece uma plataforma para artistas indianos e internacionais exibirem suas obras de arte. As ruas e vielas do oeste de Kochi ganham vida com murais e decora\u00e7\u00f5es coloridas quando a Bienal Kochi-Muziris chega \u00e0 cidade. Uma celebra\u00e7\u00e3o da arte contempor\u00e2nea, o evento est\u00e1 agora em sua quarta edi\u00e7\u00e3o e trouxe efetivamente o cen\u00e1rio art\u00edstico indiano para a paisagem global.<\/p>\n<p>Com o passar do tempo, o evento tamb\u00e9m passou a ser associado a v\u00e1rios projetos no estado para capacitar tanto a educa\u00e7\u00e3o art\u00edstica quanto a divulga\u00e7\u00e3o. A programa\u00e7\u00e3o cresceu e agora inclu\u00ed cinema, m\u00fasica e at\u00e9 comida.<\/p>\n","protected":false},"excerpt":{"rendered":"<p>Se voc\u00ea \u00e9 entusiasta das artes e da cultura, a Bienal Kochi-Muziris (12 de dezembro de 2018 a 29 de<\/p>\n","protected":false},"author":1,"featured_media":1621,"comment_status":"open","ping_status":"open","sticky":false,"template":"","format":"standard","meta":{"footnotes":""},"categories":[86],"tags":[],"_links":{"self":[{"href":"https:\/\/creativelyyours.creative.travel\/pt-pt\/wp-json\/wp\/v2\/posts\/1802"}],"collection":[{"href":"https:\/\/creativelyyours.creative.travel\/pt-pt\/wp-json\/wp\/v2\/posts"}],"about":[{"href":"https:\/\/creativelyyours.creative.travel\/pt-pt\/wp-json\/wp\/v2\/types\/post"}],"author":[{"embeddable":true,"href":"https:\/\/creativelyyours.creative.travel\/pt-pt\/wp-json\/wp\/v2\/users\/1"}],"replies":[{"embeddable":true,"href":"https:\/\/creativelyyours.creative.travel\/pt-pt\/wp-json\/wp\/v2\/comments?post=1802"}],"version-history":[{"count":1,"href":"https:\/\/creativelyyours.creative.travel\/pt-pt\/wp-json\/wp\/v2\/posts\/1802\/revisions"}],"predecessor-version":[{"id":1803,"href":"https:\/\/creativelyyours.creative.travel\/pt-pt\/wp-json\/wp\/v2\/posts\/1802\/revisions\/1803"}],"wp:featuredmedia":[{"embeddable":true,"href":"https:\/\/creativelyyours.creative.travel\/pt-pt\/wp-json\/wp\/v2\/media\/1621"}],"wp:attachment":[{"href":"https:\/\/creativelyyours.creative.travel\/pt-pt\/wp-json\/wp\/v2\/media?parent=1802"}],"wp:term":[{"taxonomy":"category","embeddable":true,"href":"https:\/\/creativelyyours.creative.travel\/pt-pt\/wp-json\/wp\/v2\/categories?post=1802"},{"taxonomy":"post_tag","embeddable":true,"href":"https:\/\/creativelyyours.creative.travel\/pt-pt\/wp-json\/wp\/v2\/tags?post=1802"}],"curies":[{"name":"wp","href":"https:\/\/api.w.org\/{rel}","templated":true}]}}