{"id":3349,"date":"2019-08-16T05:55:37","date_gmt":"2019-08-16T05:55:37","guid":{"rendered":"http:\/\/creativelyyours.creative.travel\/?p=3349"},"modified":"2019-08-16T05:55:37","modified_gmt":"2019-08-16T05:55:37","slug":"vistara-diz-nao-ao-plastico","status":"publish","type":"post","link":"https:\/\/creativelyyours.creative.travel\/pt-pt\/vistara-diz-nao-ao-plastico\/","title":{"rendered":"Vistara diz n\u00e3o ao pl\u00e1stico"},"content":{"rendered":"<p>A Vistara se torna verde, j\u00e1 que a operadora de servi\u00e7o completo est\u00e1 pensando em remover o uso de 200 milh\u00f5es de garrafas pl\u00e1sticas de \u00e1gua de seus voos. Com o objetivo de reduzir o uso de pl\u00e1stico e pl\u00e1stico de uso \u00fanico, a Vistara implementou uma iniciativa nos voos Deli-Mumbai. A iniciativa ser\u00e1 estendida a todos os voos da rede da companhia a\u00e9rea.<\/p>\n<p>Sob essa iniciativa, a Vistara servir\u00e1 \u00e1gua mineral em copos de papel ecologicamente corretos, em vez de fornecer aos clientes da Classe Econ\u00f4mica garrafas pl\u00e1sticas. A Vistara fixou o objetivo de reduzir o uso de pl\u00e1stico de uso \u00fanico em at\u00e9 50%.<\/p>\n<p>Vistara disse que eliminar o uso de \u00e1gua engarrafada \u00e9 um grande desafio. Ele citou a indisponibilidade de alternativas n\u00e3o pl\u00e1sticas para unidades individuais de \u00e1gua como o motivo.<\/p>\n","protected":false},"excerpt":{"rendered":"<p>A Vistara se torna verde, j\u00e1 que a operadora de servi\u00e7o completo est\u00e1 pensando em remover o uso de 200<\/p>\n","protected":false},"author":1,"featured_media":3281,"comment_status":"open","ping_status":"open","sticky":false,"template":"","format":"standard","meta":{"footnotes":""},"categories":[90],"tags":[],"_links":{"self":[{"href":"https:\/\/creativelyyours.creative.travel\/pt-pt\/wp-json\/wp\/v2\/posts\/3349"}],"collection":[{"href":"https:\/\/creativelyyours.creative.travel\/pt-pt\/wp-json\/wp\/v2\/posts"}],"about":[{"href":"https:\/\/creativelyyours.creative.travel\/pt-pt\/wp-json\/wp\/v2\/types\/post"}],"author":[{"embeddable":true,"href":"https:\/\/creativelyyours.creative.travel\/pt-pt\/wp-json\/wp\/v2\/users\/1"}],"replies":[{"embeddable":true,"href":"https:\/\/creativelyyours.creative.travel\/pt-pt\/wp-json\/wp\/v2\/comments?post=3349"}],"version-history":[{"count":1,"href":"https:\/\/creativelyyours.creative.travel\/pt-pt\/wp-json\/wp\/v2\/posts\/3349\/revisions"}],"predecessor-version":[{"id":3350,"href":"https:\/\/creativelyyours.creative.travel\/pt-pt\/wp-json\/wp\/v2\/posts\/3349\/revisions\/3350"}],"wp:featuredmedia":[{"embeddable":true,"href":"https:\/\/creativelyyours.creative.travel\/pt-pt\/wp-json\/wp\/v2\/media\/3281"}],"wp:attachment":[{"href":"https:\/\/creativelyyours.creative.travel\/pt-pt\/wp-json\/wp\/v2\/media?parent=3349"}],"wp:term":[{"taxonomy":"category","embeddable":true,"href":"https:\/\/creativelyyours.creative.travel\/pt-pt\/wp-json\/wp\/v2\/categories?post=3349"},{"taxonomy":"post_tag","embeddable":true,"href":"https:\/\/creativelyyours.creative.travel\/pt-pt\/wp-json\/wp\/v2\/tags?post=3349"}],"curies":[{"name":"wp","href":"https:\/\/api.w.org\/{rel}","templated":true}]}}