{"id":4363,"date":"2019-11-29T06:05:49","date_gmt":"2019-11-29T06:05:49","guid":{"rendered":"http:\/\/creativelyyours.creative.travel\/?p=4363"},"modified":"2019-11-29T06:05:52","modified_gmt":"2019-11-29T06:05:52","slug":"taj-mahal-sob-a-luz-da-lua-ponto-de-vista-mehtab-bagh-taj-abre-para-turistas","status":"publish","type":"post","link":"https:\/\/creativelyyours.creative.travel\/pt-pt\/taj-mahal-sob-a-luz-da-lua-ponto-de-vista-mehtab-bagh-taj-abre-para-turistas\/","title":{"rendered":"Taj Mahal sob a luz da lua: ponto de vista Mehtab Bagh Taj abre para turistas"},"content":{"rendered":"\n<p>O governo de Uttar Pradesh abriu na sexta-feira um\nnovo ponto de vista no Taj Mahal que permitir\u00e1 aos turistas desfrutar de uma\nvista espetacular do monumento ic\u00f4nico sob o luar e durante as primeiras horas\nda manh\u00e3.<\/p>\n\n\n\n<p>A entrada para o novo &#8220;ponto de vista Mehtab\nBagh Taj&#8221; ser\u00e1 de Rs 20 (R\u00fapias indianas) e os turistas poder\u00e3o ver o Taj\nMahal das 7h \u00e0s 10h e das 19h \u00e0s 22h.<\/p>\n\n\n\n<p>O ponto de vista foi inaugurado pelo Ministro de\nEstado Girraj Singh Dharmesh.<\/p>\n\n\n\n<p>&#8220;O ponto de vista do Taj foi desenvolvido pela\nAutoridade de Desenvolvimento de Agra. Desejo que mais pontos de vista sejam\ndesenvolvidos em Agra para que mais turistas estrangeiros possam vir\naqui&#8221;, disse Dharmesh.<\/p>\n\n\n\n<p>Os turistas ficaram encantados ao ver o Taj Mahal\nsob um novo ponto de vista.<\/p>\n","protected":false},"excerpt":{"rendered":"<p>O governo de Uttar Pradesh abriu na sexta-feira um novo ponto de vista no Taj Mahal que permitir\u00e1 aos turistas<\/p>\n","protected":false},"author":1,"featured_media":4275,"comment_status":"open","ping_status":"open","sticky":false,"template":"","format":"standard","meta":{"footnotes":""},"categories":[86],"tags":[],"_links":{"self":[{"href":"https:\/\/creativelyyours.creative.travel\/pt-pt\/wp-json\/wp\/v2\/posts\/4363"}],"collection":[{"href":"https:\/\/creativelyyours.creative.travel\/pt-pt\/wp-json\/wp\/v2\/posts"}],"about":[{"href":"https:\/\/creativelyyours.creative.travel\/pt-pt\/wp-json\/wp\/v2\/types\/post"}],"author":[{"embeddable":true,"href":"https:\/\/creativelyyours.creative.travel\/pt-pt\/wp-json\/wp\/v2\/users\/1"}],"replies":[{"embeddable":true,"href":"https:\/\/creativelyyours.creative.travel\/pt-pt\/wp-json\/wp\/v2\/comments?post=4363"}],"version-history":[{"count":1,"href":"https:\/\/creativelyyours.creative.travel\/pt-pt\/wp-json\/wp\/v2\/posts\/4363\/revisions"}],"predecessor-version":[{"id":4364,"href":"https:\/\/creativelyyours.creative.travel\/pt-pt\/wp-json\/wp\/v2\/posts\/4363\/revisions\/4364"}],"wp:featuredmedia":[{"embeddable":true,"href":"https:\/\/creativelyyours.creative.travel\/pt-pt\/wp-json\/wp\/v2\/media\/4275"}],"wp:attachment":[{"href":"https:\/\/creativelyyours.creative.travel\/pt-pt\/wp-json\/wp\/v2\/media?parent=4363"}],"wp:term":[{"taxonomy":"category","embeddable":true,"href":"https:\/\/creativelyyours.creative.travel\/pt-pt\/wp-json\/wp\/v2\/categories?post=4363"},{"taxonomy":"post_tag","embeddable":true,"href":"https:\/\/creativelyyours.creative.travel\/pt-pt\/wp-json\/wp\/v2\/tags?post=4363"}],"curies":[{"name":"wp","href":"https:\/\/api.w.org\/{rel}","templated":true}]}}