{"id":5814,"date":"2023-11-07T09:36:53","date_gmt":"2023-11-07T09:36:53","guid":{"rendered":"http:\/\/creativelyyours.creative.travel\/?p=5814"},"modified":"2023-11-21T11:11:28","modified_gmt":"2023-11-21T11:11:28","slug":"ranthambhore-continua-a-ver-mais-mudancas-na-operacao-de-safaris-a-partir-de-outubro-de-2023-em","status":"publish","type":"post","link":"https:\/\/creativelyyours.creative.travel\/pt-pt\/ranthambhore-continua-a-ver-mais-mudancas-na-operacao-de-safaris-a-partir-de-outubro-de-2023-em\/","title":{"rendered":"Ranthambhore continua a ver mais mudan\u00e7as na opera\u00e7\u00e3o de saf\u00e1ris a partir de outubro de 2023. Em"},"content":{"rendered":"\n<p>&#8220;Ranthambhore continua a ver mais mudan\u00e7as na opera\u00e7\u00e3o de saf\u00e1ris a partir de outubro de 2023. Em julho, o Departamento Florestal anunciou que o parque permanecer\u00e1 fechado para atividades tur\u00edsticas \u00e0s quartas-feiras. Ap\u00f3s muitos protestos de fornecedores de servi\u00e7os, hoteleiros e empresas de viagens (pois muitas viagens j\u00e1 estavam planejadas e confirmadas at\u00e9 abril de 2024), o departamento neste m\u00eas de outubro de 2023 decidiu que algumas zonas tur\u00edsticas n\u00e3o ser\u00e3o fechadas \u00e0s ter\u00e7as-feiras e as zonas restantes permanecer\u00e3o fechadas \u00e0s quartas-feiras. Agora, as Zonas 1-5 (de um total de 10 zonas) permanecer\u00e3o fechadas \u00e0s ter\u00e7as-feiras, enquanto as Zonas 6-10 permanecer\u00e3o fechadas \u00e0s quartas-feiras. Isso significa que o n\u00famero de jipes que entram no parque \u00e0s ter\u00e7as e quartas-feiras ser\u00e1 limitado \u00e0 metade em compara\u00e7\u00e3o com os outros dias da semana. Se voc\u00ea j\u00e1 tem planos de viajar ou est\u00e1 planejando visitar a Reserva de Tigres de Ranthambhore, leve isso em considera\u00e7\u00e3o.&#8221;<gwmw style=\"display:none;\"><\/p>\n","protected":false},"excerpt":{"rendered":"<p>&#8220;Ranthambhore continua a ver mais mudan\u00e7as na opera\u00e7\u00e3o de saf\u00e1ris a partir de outubro de 2023. Em julho, o Departamento<\/p>\n","protected":false},"author":1,"featured_media":5956,"comment_status":"open","ping_status":"open","sticky":false,"template":"","format":"standard","meta":{"footnotes":""},"categories":[37],"tags":[],"_links":{"self":[{"href":"https:\/\/creativelyyours.creative.travel\/pt-pt\/wp-json\/wp\/v2\/posts\/5814"}],"collection":[{"href":"https:\/\/creativelyyours.creative.travel\/pt-pt\/wp-json\/wp\/v2\/posts"}],"about":[{"href":"https:\/\/creativelyyours.creative.travel\/pt-pt\/wp-json\/wp\/v2\/types\/post"}],"author":[{"embeddable":true,"href":"https:\/\/creativelyyours.creative.travel\/pt-pt\/wp-json\/wp\/v2\/users\/1"}],"replies":[{"embeddable":true,"href":"https:\/\/creativelyyours.creative.travel\/pt-pt\/wp-json\/wp\/v2\/comments?post=5814"}],"version-history":[{"count":1,"href":"https:\/\/creativelyyours.creative.travel\/pt-pt\/wp-json\/wp\/v2\/posts\/5814\/revisions"}],"predecessor-version":[{"id":5821,"href":"https:\/\/creativelyyours.creative.travel\/pt-pt\/wp-json\/wp\/v2\/posts\/5814\/revisions\/5821"}],"wp:featuredmedia":[{"embeddable":true,"href":"https:\/\/creativelyyours.creative.travel\/pt-pt\/wp-json\/wp\/v2\/media\/5956"}],"wp:attachment":[{"href":"https:\/\/creativelyyours.creative.travel\/pt-pt\/wp-json\/wp\/v2\/media?parent=5814"}],"wp:term":[{"taxonomy":"category","embeddable":true,"href":"https:\/\/creativelyyours.creative.travel\/pt-pt\/wp-json\/wp\/v2\/categories?post=5814"},{"taxonomy":"post_tag","embeddable":true,"href":"https:\/\/creativelyyours.creative.travel\/pt-pt\/wp-json\/wp\/v2\/tags?post=5814"}],"curies":[{"name":"wp","href":"https:\/\/api.w.org\/{rel}","templated":true}]}}